{"id":1713,"date":"2025-09-22T17:38:40","date_gmt":"2025-09-22T15:38:40","guid":{"rendered":"https:\/\/basquefik.com\/el-gobierno-vasco-presentara-el-1-de-octubre-el-plan-de-inversiones-transformacionales-euskadi-eraldatuz-2030\/"},"modified":"2025-09-22T17:46:44","modified_gmt":"2025-09-22T15:46:44","slug":"el-gobierno-vasco-presentara-el-1-de-octubre-el-plan-de-inversiones-transformacionales-euskadi-eraldatuz-2030","status":"publish","type":"post","link":"https:\/\/basquefik.com\/eu\/el-gobierno-vasco-presentara-el-1-de-octubre-el-plan-de-inversiones-transformacionales-euskadi-eraldatuz-2030\/","title":{"rendered":"Eusko Jaurlaritzak urriaren 1ean aurkeztuko du \u201cEuskadi Eraldatuz 2030\u201d Inbertsio Transformatzaileen Plana."},"content":{"rendered":"<p>Urriaren 1ean aurkeztuko du Eusko Jaurlaritzak \u201cEuskadi Eraldatuz 2030\u201d plana, 1.000 milioi euro bideratzeko helburuarekin, enpresa euskalenen berrikuntza, digitalizazioa eta giza kapitala indartzeko. Plana lehiakortasuna hobetzea, jasangarritasuna sustatzea eta talentua erakartzea du helburu, inbertsio pribatuak eta publikoa mobilizatuz. Garapena hainbat sail, Euskal Finantza Aliantza eta agentzia pribatuen lankidetzarekin egin da, Industria Planarekin eta eskualdearen transformazio ekonomikoarekin bat eginez.<\/p>\n","protected":false},"excerpt":{"rendered":"<p>Urriaren 1ean aurkeztuko du Eusko Jaurlaritzak \u201cEuskadi Eraldatuz 2030\u201d plana, 1.000 milioi euro bideratzeko helburuarekin, enpresa euskalenen berrikuntza, digitalizazioa eta giza kapitala indartzeko. Plana lehiakortasuna hobetzea, jasangarritasuna sustatzea eta talentua erakartzea du helburu, inbertsio pribatuak eta publikoa mobilizatuz. Garapena hainbat sail, Euskal Finantza Aliantza eta agentzia pribatuen lankidetzarekin egin da, Industria Planarekin eta eskualdearen transformazio [&hellip;]<\/p>\n","protected":false},"author":3,"featured_media":1703,"comment_status":"open","ping_status":"open","sticky":false,"template":"","format":"standard","meta":{"_acf_changed":false,"inline_featured_image":false,"footnotes":""},"categories":[17],"tags":[],"class_list":["post-1713","post","type-post","status-publish","format-standard","has-post-thumbnail","hentry","category-sektoreko-berriak"],"acf":[],"yoast_head":"<!-- This site is optimized with the Yoast SEO plugin v25.2 - https:\/\/yoast.com\/wordpress\/plugins\/seo\/ -->\n<title>Eusko Jaurlaritzak urriaren 1ean aurkeztuko du \u201cEuskadi Eraldatuz 2030\u201d Inbertsio Transformatzaileen Plana. - BASQUEFIK<\/title>\n<meta name=\"description\" content=\"El Gobierno Vasco presentar\u00e1 el 1 de octubre el plan \u201cEuskadi Eraldatuz 2030\u201d para canalizar 1.000 millones de euros hacia la innovaci\u00f3n, digitalizaci\u00f3n y capital humano de las empresas vascas. El plan busca fortalecer la competitividad, fomentar la sostenibilidad y atraer talento, movilizando inversi\u00f3n privada junto a la p\u00fablica. Su desarrollo ha contado con m\u00faltiples departamentos, la Alianza Financiera Vasca y agentes privados, aline\u00e1ndose con el Plan de Industria y la transformaci\u00f3n econ\u00f3mica del territorio.\" \/>\n<meta name=\"robots\" content=\"index, follow, max-snippet:-1, max-image-preview:large, max-video-preview:-1\" \/>\n<link rel=\"canonical\" href=\"https:\/\/basquefik.com\/eu\/el-gobierno-vasco-presentara-el-1-de-octubre-el-plan-de-inversiones-transformacionales-euskadi-eraldatuz-2030\/\" \/>\n<meta property=\"og:locale\" content=\"eu_ES\" \/>\n<meta property=\"og:type\" content=\"article\" \/>\n<meta property=\"og:title\" content=\"Eusko Jaurlaritzak urriaren 1ean aurkeztuko du \u201cEuskadi Eraldatuz 2030\u201d Inbertsio Transformatzaileen Plana. - BASQUEFIK\" \/>\n<meta property=\"og:description\" content=\"El Gobierno Vasco presentar\u00e1 el 1 de octubre el plan \u201cEuskadi Eraldatuz 2030\u201d para canalizar 1.000 millones de euros hacia la innovaci\u00f3n, digitalizaci\u00f3n y capital humano de las empresas vascas. El plan busca fortalecer la competitividad, fomentar la sostenibilidad y atraer talento, movilizando inversi\u00f3n privada junto a la p\u00fablica. Su desarrollo ha contado con m\u00faltiples departamentos, la Alianza Financiera Vasca y agentes privados, aline\u00e1ndose con el Plan de Industria y la transformaci\u00f3n econ\u00f3mica del territorio.\" \/>\n<meta property=\"og:url\" content=\"https:\/\/basquefik.com\/eu\/el-gobierno-vasco-presentara-el-1-de-octubre-el-plan-de-inversiones-transformacionales-euskadi-eraldatuz-2030\/\" \/>\n<meta property=\"og:site_name\" content=\"BASQUEFIK\" \/>\n<meta property=\"article:published_time\" content=\"2025-09-22T15:38:40+00:00\" \/>\n<meta property=\"article:modified_time\" content=\"2025-09-22T15:46:44+00:00\" \/>\n<meta property=\"og:image\" content=\"https:\/\/basquefik.com\/wp-content\/uploads\/2025\/09\/Noel_Deusto_2.webp\" \/>\n\t<meta property=\"og:image:width\" content=\"1141\" \/>\n\t<meta property=\"og:image:height\" content=\"721\" \/>\n\t<meta property=\"og:image:type\" content=\"image\/webp\" \/>\n<meta name=\"author\" content=\"basquefik\" \/>\n<meta name=\"twitter:card\" content=\"summary_large_image\" \/>\n<meta name=\"twitter:label1\" content=\"Written by\" \/>\n\t<meta name=\"twitter:data1\" content=\"basquefik\" \/>\n\t<meta name=\"twitter:label2\" content=\"Est. reading time\" \/>\n\t<meta name=\"twitter:data2\" content=\"1 minute\" \/>\n<script type=\"application\/ld+json\" class=\"yoast-schema-graph\">{\"@context\":\"https:\/\/schema.org\",\"@graph\":[{\"@type\":\"Article\",\"@id\":\"https:\/\/basquefik.com\/eu\/el-gobierno-vasco-presentara-el-1-de-octubre-el-plan-de-inversiones-transformacionales-euskadi-eraldatuz-2030\/#article\",\"isPartOf\":{\"@id\":\"https:\/\/basquefik.com\/eu\/el-gobierno-vasco-presentara-el-1-de-octubre-el-plan-de-inversiones-transformacionales-euskadi-eraldatuz-2030\/\"},\"author\":{\"name\":\"basquefik\",\"@id\":\"https:\/\/basquefik.com\/eu\/#\/schema\/person\/39416ecdbe7cfc1ab0a80ccf34d02640\"},\"headline\":\"Eusko Jaurlaritzak urriaren 1ean aurkeztuko du \u201cEuskadi Eraldatuz 2030\u201d Inbertsio Transformatzaileen Plana.\",\"datePublished\":\"2025-09-22T15:38:40+00:00\",\"dateModified\":\"2025-09-22T15:46:44+00:00\",\"mainEntityOfPage\":{\"@id\":\"https:\/\/basquefik.com\/eu\/el-gobierno-vasco-presentara-el-1-de-octubre-el-plan-de-inversiones-transformacionales-euskadi-eraldatuz-2030\/\"},\"wordCount\":67,\"commentCount\":0,\"publisher\":{\"@id\":\"https:\/\/basquefik.com\/eu\/#organization\"},\"image\":{\"@id\":\"https:\/\/basquefik.com\/eu\/el-gobierno-vasco-presentara-el-1-de-octubre-el-plan-de-inversiones-transformacionales-euskadi-eraldatuz-2030\/#primaryimage\"},\"thumbnailUrl\":\"https:\/\/basquefik.com\/wp-content\/uploads\/2025\/09\/Noel_Deusto_2.webp\",\"articleSection\":[\"Sektoreko berriak\"],\"inLanguage\":\"eu-ES\",\"potentialAction\":[{\"@type\":\"CommentAction\",\"name\":\"Comment\",\"target\":[\"https:\/\/basquefik.com\/eu\/el-gobierno-vasco-presentara-el-1-de-octubre-el-plan-de-inversiones-transformacionales-euskadi-eraldatuz-2030\/#respond\"]}]},{\"@type\":\"WebPage\",\"@id\":\"https:\/\/basquefik.com\/eu\/el-gobierno-vasco-presentara-el-1-de-octubre-el-plan-de-inversiones-transformacionales-euskadi-eraldatuz-2030\/\",\"url\":\"https:\/\/basquefik.com\/eu\/el-gobierno-vasco-presentara-el-1-de-octubre-el-plan-de-inversiones-transformacionales-euskadi-eraldatuz-2030\/\",\"name\":\"Eusko Jaurlaritzak urriaren 1ean aurkeztuko du \u201cEuskadi Eraldatuz 2030\u201d Inbertsio Transformatzaileen Plana. - BASQUEFIK\",\"isPartOf\":{\"@id\":\"https:\/\/basquefik.com\/eu\/#website\"},\"primaryImageOfPage\":{\"@id\":\"https:\/\/basquefik.com\/eu\/el-gobierno-vasco-presentara-el-1-de-octubre-el-plan-de-inversiones-transformacionales-euskadi-eraldatuz-2030\/#primaryimage\"},\"image\":{\"@id\":\"https:\/\/basquefik.com\/eu\/el-gobierno-vasco-presentara-el-1-de-octubre-el-plan-de-inversiones-transformacionales-euskadi-eraldatuz-2030\/#primaryimage\"},\"thumbnailUrl\":\"https:\/\/basquefik.com\/wp-content\/uploads\/2025\/09\/Noel_Deusto_2.webp\",\"datePublished\":\"2025-09-22T15:38:40+00:00\",\"dateModified\":\"2025-09-22T15:46:44+00:00\",\"description\":\"El Gobierno Vasco presentar\u00e1 el 1 de octubre el plan \u201cEuskadi Eraldatuz 2030\u201d para canalizar 1.000 millones de euros hacia la innovaci\u00f3n, digitalizaci\u00f3n y capital humano de las empresas vascas. El plan busca fortalecer la competitividad, fomentar la sostenibilidad y atraer talento, movilizando inversi\u00f3n privada junto a la p\u00fablica. Su desarrollo ha contado con m\u00faltiples departamentos, la Alianza Financiera Vasca y agentes privados, aline\u00e1ndose con el Plan de Industria y la transformaci\u00f3n econ\u00f3mica del territorio.\",\"breadcrumb\":{\"@id\":\"https:\/\/basquefik.com\/eu\/el-gobierno-vasco-presentara-el-1-de-octubre-el-plan-de-inversiones-transformacionales-euskadi-eraldatuz-2030\/#breadcrumb\"},\"inLanguage\":\"eu-ES\",\"potentialAction\":[{\"@type\":\"ReadAction\",\"target\":[\"https:\/\/basquefik.com\/eu\/el-gobierno-vasco-presentara-el-1-de-octubre-el-plan-de-inversiones-transformacionales-euskadi-eraldatuz-2030\/\"]}]},{\"@type\":\"ImageObject\",\"inLanguage\":\"eu-ES\",\"@id\":\"https:\/\/basquefik.com\/eu\/el-gobierno-vasco-presentara-el-1-de-octubre-el-plan-de-inversiones-transformacionales-euskadi-eraldatuz-2030\/#primaryimage\",\"url\":\"https:\/\/basquefik.com\/wp-content\/uploads\/2025\/09\/Noel_Deusto_2.webp\",\"contentUrl\":\"https:\/\/basquefik.com\/wp-content\/uploads\/2025\/09\/Noel_Deusto_2.webp\",\"width\":1141,\"height\":721,\"caption\":\"Nota-Prensa-Noel\"},{\"@type\":\"BreadcrumbList\",\"@id\":\"https:\/\/basquefik.com\/eu\/el-gobierno-vasco-presentara-el-1-de-octubre-el-plan-de-inversiones-transformacionales-euskadi-eraldatuz-2030\/#breadcrumb\",\"itemListElement\":[{\"@type\":\"ListItem\",\"position\":1,\"name\":\"Portada\",\"item\":\"https:\/\/basquefik.com\/eu\/hasiera\/\"},{\"@type\":\"ListItem\",\"position\":2,\"name\":\"Eusko Jaurlaritzak urriaren 1ean aurkeztuko du \u201cEuskadi Eraldatuz 2030\u201d Inbertsio Transformatzaileen Plana.\"}]},{\"@type\":\"WebSite\",\"@id\":\"https:\/\/basquefik.com\/eu\/#website\",\"url\":\"https:\/\/basquefik.com\/eu\/\",\"name\":\"BASQUEFIK\",\"description\":\"\",\"publisher\":{\"@id\":\"https:\/\/basquefik.com\/eu\/#organization\"},\"potentialAction\":[{\"@type\":\"SearchAction\",\"target\":{\"@type\":\"EntryPoint\",\"urlTemplate\":\"https:\/\/basquefik.com\/eu\/?s={search_term_string}\"},\"query-input\":{\"@type\":\"PropertyValueSpecification\",\"valueRequired\":true,\"valueName\":\"search_term_string\"}}],\"inLanguage\":\"eu-ES\"},{\"@type\":\"Organization\",\"@id\":\"https:\/\/basquefik.com\/eu\/#organization\",\"name\":\"BASQUEFIK\",\"url\":\"https:\/\/basquefik.com\/eu\/\",\"logo\":{\"@type\":\"ImageObject\",\"inLanguage\":\"eu-ES\",\"@id\":\"https:\/\/basquefik.com\/eu\/#\/schema\/logo\/image\/\",\"url\":\"https:\/\/basquefik.com\/wp-content\/uploads\/2025\/05\/basquefik.png\",\"contentUrl\":\"https:\/\/basquefik.com\/wp-content\/uploads\/2025\/05\/basquefik.png\",\"width\":770,\"height\":500,\"caption\":\"BASQUEFIK\"},\"image\":{\"@id\":\"https:\/\/basquefik.com\/eu\/#\/schema\/logo\/image\/\"},\"sameAs\":[\"https:\/\/es.linkedin.com\/company\/basquefik\"]},{\"@type\":\"Person\",\"@id\":\"https:\/\/basquefik.com\/eu\/#\/schema\/person\/39416ecdbe7cfc1ab0a80ccf34d02640\",\"name\":\"basquefik\",\"image\":{\"@type\":\"ImageObject\",\"inLanguage\":\"eu-ES\",\"@id\":\"https:\/\/basquefik.com\/eu\/#\/schema\/person\/image\/\",\"url\":\"https:\/\/secure.gravatar.com\/avatar\/a8a15decc600678f84a6f560a148e8eb8d53585ec24064d157f6b03f55528101?s=96&d=mm&r=g\",\"contentUrl\":\"https:\/\/secure.gravatar.com\/avatar\/a8a15decc600678f84a6f560a148e8eb8d53585ec24064d157f6b03f55528101?s=96&d=mm&r=g\",\"caption\":\"basquefik\"},\"url\":\"https:\/\/basquefik.com\/eu\/author\/basquefik\/\"}]}<\/script>\n<!-- \/ Yoast SEO plugin. -->","yoast_head_json":{"title":"Eusko Jaurlaritzak urriaren 1ean aurkeztuko du \u201cEuskadi Eraldatuz 2030\u201d Inbertsio Transformatzaileen Plana. - BASQUEFIK","description":"El Gobierno Vasco presentar\u00e1 el 1 de octubre el plan \u201cEuskadi Eraldatuz 2030\u201d para canalizar 1.000 millones de euros hacia la innovaci\u00f3n, digitalizaci\u00f3n y capital humano de las empresas vascas. El plan busca fortalecer la competitividad, fomentar la sostenibilidad y atraer talento, movilizando inversi\u00f3n privada junto a la p\u00fablica. Su desarrollo ha contado con m\u00faltiples departamentos, la Alianza Financiera Vasca y agentes privados, aline\u00e1ndose con el Plan de Industria y la transformaci\u00f3n econ\u00f3mica del territorio.","robots":{"index":"index","follow":"follow","max-snippet":"max-snippet:-1","max-image-preview":"max-image-preview:large","max-video-preview":"max-video-preview:-1"},"canonical":"https:\/\/basquefik.com\/eu\/el-gobierno-vasco-presentara-el-1-de-octubre-el-plan-de-inversiones-transformacionales-euskadi-eraldatuz-2030\/","og_locale":"eu_ES","og_type":"article","og_title":"Eusko Jaurlaritzak urriaren 1ean aurkeztuko du \u201cEuskadi Eraldatuz 2030\u201d Inbertsio Transformatzaileen Plana. - BASQUEFIK","og_description":"El Gobierno Vasco presentar\u00e1 el 1 de octubre el plan \u201cEuskadi Eraldatuz 2030\u201d para canalizar 1.000 millones de euros hacia la innovaci\u00f3n, digitalizaci\u00f3n y capital humano de las empresas vascas. El plan busca fortalecer la competitividad, fomentar la sostenibilidad y atraer talento, movilizando inversi\u00f3n privada junto a la p\u00fablica. Su desarrollo ha contado con m\u00faltiples departamentos, la Alianza Financiera Vasca y agentes privados, aline\u00e1ndose con el Plan de Industria y la transformaci\u00f3n econ\u00f3mica del territorio.","og_url":"https:\/\/basquefik.com\/eu\/el-gobierno-vasco-presentara-el-1-de-octubre-el-plan-de-inversiones-transformacionales-euskadi-eraldatuz-2030\/","og_site_name":"BASQUEFIK","article_published_time":"2025-09-22T15:38:40+00:00","article_modified_time":"2025-09-22T15:46:44+00:00","og_image":[{"width":1141,"height":721,"url":"https:\/\/basquefik.com\/wp-content\/uploads\/2025\/09\/Noel_Deusto_2.webp","type":"image\/webp"}],"author":"basquefik","twitter_card":"summary_large_image","twitter_misc":{"Written by":"basquefik","Est. reading time":"1 minute"},"schema":{"@context":"https:\/\/schema.org","@graph":[{"@type":"Article","@id":"https:\/\/basquefik.com\/eu\/el-gobierno-vasco-presentara-el-1-de-octubre-el-plan-de-inversiones-transformacionales-euskadi-eraldatuz-2030\/#article","isPartOf":{"@id":"https:\/\/basquefik.com\/eu\/el-gobierno-vasco-presentara-el-1-de-octubre-el-plan-de-inversiones-transformacionales-euskadi-eraldatuz-2030\/"},"author":{"name":"basquefik","@id":"https:\/\/basquefik.com\/eu\/#\/schema\/person\/39416ecdbe7cfc1ab0a80ccf34d02640"},"headline":"Eusko Jaurlaritzak urriaren 1ean aurkeztuko du \u201cEuskadi Eraldatuz 2030\u201d Inbertsio Transformatzaileen Plana.","datePublished":"2025-09-22T15:38:40+00:00","dateModified":"2025-09-22T15:46:44+00:00","mainEntityOfPage":{"@id":"https:\/\/basquefik.com\/eu\/el-gobierno-vasco-presentara-el-1-de-octubre-el-plan-de-inversiones-transformacionales-euskadi-eraldatuz-2030\/"},"wordCount":67,"commentCount":0,"publisher":{"@id":"https:\/\/basquefik.com\/eu\/#organization"},"image":{"@id":"https:\/\/basquefik.com\/eu\/el-gobierno-vasco-presentara-el-1-de-octubre-el-plan-de-inversiones-transformacionales-euskadi-eraldatuz-2030\/#primaryimage"},"thumbnailUrl":"https:\/\/basquefik.com\/wp-content\/uploads\/2025\/09\/Noel_Deusto_2.webp","articleSection":["Sektoreko berriak"],"inLanguage":"eu-ES","potentialAction":[{"@type":"CommentAction","name":"Comment","target":["https:\/\/basquefik.com\/eu\/el-gobierno-vasco-presentara-el-1-de-octubre-el-plan-de-inversiones-transformacionales-euskadi-eraldatuz-2030\/#respond"]}]},{"@type":"WebPage","@id":"https:\/\/basquefik.com\/eu\/el-gobierno-vasco-presentara-el-1-de-octubre-el-plan-de-inversiones-transformacionales-euskadi-eraldatuz-2030\/","url":"https:\/\/basquefik.com\/eu\/el-gobierno-vasco-presentara-el-1-de-octubre-el-plan-de-inversiones-transformacionales-euskadi-eraldatuz-2030\/","name":"Eusko Jaurlaritzak urriaren 1ean aurkeztuko du \u201cEuskadi Eraldatuz 2030\u201d Inbertsio Transformatzaileen Plana. - BASQUEFIK","isPartOf":{"@id":"https:\/\/basquefik.com\/eu\/#website"},"primaryImageOfPage":{"@id":"https:\/\/basquefik.com\/eu\/el-gobierno-vasco-presentara-el-1-de-octubre-el-plan-de-inversiones-transformacionales-euskadi-eraldatuz-2030\/#primaryimage"},"image":{"@id":"https:\/\/basquefik.com\/eu\/el-gobierno-vasco-presentara-el-1-de-octubre-el-plan-de-inversiones-transformacionales-euskadi-eraldatuz-2030\/#primaryimage"},"thumbnailUrl":"https:\/\/basquefik.com\/wp-content\/uploads\/2025\/09\/Noel_Deusto_2.webp","datePublished":"2025-09-22T15:38:40+00:00","dateModified":"2025-09-22T15:46:44+00:00","description":"El Gobierno Vasco presentar\u00e1 el 1 de octubre el plan \u201cEuskadi Eraldatuz 2030\u201d para canalizar 1.000 millones de euros hacia la innovaci\u00f3n, digitalizaci\u00f3n y capital humano de las empresas vascas. El plan busca fortalecer la competitividad, fomentar la sostenibilidad y atraer talento, movilizando inversi\u00f3n privada junto a la p\u00fablica. Su desarrollo ha contado con m\u00faltiples departamentos, la Alianza Financiera Vasca y agentes privados, aline\u00e1ndose con el Plan de Industria y la transformaci\u00f3n econ\u00f3mica del territorio.","breadcrumb":{"@id":"https:\/\/basquefik.com\/eu\/el-gobierno-vasco-presentara-el-1-de-octubre-el-plan-de-inversiones-transformacionales-euskadi-eraldatuz-2030\/#breadcrumb"},"inLanguage":"eu-ES","potentialAction":[{"@type":"ReadAction","target":["https:\/\/basquefik.com\/eu\/el-gobierno-vasco-presentara-el-1-de-octubre-el-plan-de-inversiones-transformacionales-euskadi-eraldatuz-2030\/"]}]},{"@type":"ImageObject","inLanguage":"eu-ES","@id":"https:\/\/basquefik.com\/eu\/el-gobierno-vasco-presentara-el-1-de-octubre-el-plan-de-inversiones-transformacionales-euskadi-eraldatuz-2030\/#primaryimage","url":"https:\/\/basquefik.com\/wp-content\/uploads\/2025\/09\/Noel_Deusto_2.webp","contentUrl":"https:\/\/basquefik.com\/wp-content\/uploads\/2025\/09\/Noel_Deusto_2.webp","width":1141,"height":721,"caption":"Nota-Prensa-Noel"},{"@type":"BreadcrumbList","@id":"https:\/\/basquefik.com\/eu\/el-gobierno-vasco-presentara-el-1-de-octubre-el-plan-de-inversiones-transformacionales-euskadi-eraldatuz-2030\/#breadcrumb","itemListElement":[{"@type":"ListItem","position":1,"name":"Portada","item":"https:\/\/basquefik.com\/eu\/hasiera\/"},{"@type":"ListItem","position":2,"name":"Eusko Jaurlaritzak urriaren 1ean aurkeztuko du \u201cEuskadi Eraldatuz 2030\u201d Inbertsio Transformatzaileen Plana."}]},{"@type":"WebSite","@id":"https:\/\/basquefik.com\/eu\/#website","url":"https:\/\/basquefik.com\/eu\/","name":"BASQUEFIK","description":"","publisher":{"@id":"https:\/\/basquefik.com\/eu\/#organization"},"potentialAction":[{"@type":"SearchAction","target":{"@type":"EntryPoint","urlTemplate":"https:\/\/basquefik.com\/eu\/?s={search_term_string}"},"query-input":{"@type":"PropertyValueSpecification","valueRequired":true,"valueName":"search_term_string"}}],"inLanguage":"eu-ES"},{"@type":"Organization","@id":"https:\/\/basquefik.com\/eu\/#organization","name":"BASQUEFIK","url":"https:\/\/basquefik.com\/eu\/","logo":{"@type":"ImageObject","inLanguage":"eu-ES","@id":"https:\/\/basquefik.com\/eu\/#\/schema\/logo\/image\/","url":"https:\/\/basquefik.com\/wp-content\/uploads\/2025\/05\/basquefik.png","contentUrl":"https:\/\/basquefik.com\/wp-content\/uploads\/2025\/05\/basquefik.png","width":770,"height":500,"caption":"BASQUEFIK"},"image":{"@id":"https:\/\/basquefik.com\/eu\/#\/schema\/logo\/image\/"},"sameAs":["https:\/\/es.linkedin.com\/company\/basquefik"]},{"@type":"Person","@id":"https:\/\/basquefik.com\/eu\/#\/schema\/person\/39416ecdbe7cfc1ab0a80ccf34d02640","name":"basquefik","image":{"@type":"ImageObject","inLanguage":"eu-ES","@id":"https:\/\/basquefik.com\/eu\/#\/schema\/person\/image\/","url":"https:\/\/secure.gravatar.com\/avatar\/a8a15decc600678f84a6f560a148e8eb8d53585ec24064d157f6b03f55528101?s=96&d=mm&r=g","contentUrl":"https:\/\/secure.gravatar.com\/avatar\/a8a15decc600678f84a6f560a148e8eb8d53585ec24064d157f6b03f55528101?s=96&d=mm&r=g","caption":"basquefik"},"url":"https:\/\/basquefik.com\/eu\/author\/basquefik\/"}]}},"_links":{"self":[{"href":"https:\/\/basquefik.com\/eu\/wp-json\/wp\/v2\/posts\/1713","targetHints":{"allow":["GET"]}}],"collection":[{"href":"https:\/\/basquefik.com\/eu\/wp-json\/wp\/v2\/posts"}],"about":[{"href":"https:\/\/basquefik.com\/eu\/wp-json\/wp\/v2\/types\/post"}],"author":[{"embeddable":true,"href":"https:\/\/basquefik.com\/eu\/wp-json\/wp\/v2\/users\/3"}],"replies":[{"embeddable":true,"href":"https:\/\/basquefik.com\/eu\/wp-json\/wp\/v2\/comments?post=1713"}],"version-history":[{"count":5,"href":"https:\/\/basquefik.com\/eu\/wp-json\/wp\/v2\/posts\/1713\/revisions"}],"predecessor-version":[{"id":1722,"href":"https:\/\/basquefik.com\/eu\/wp-json\/wp\/v2\/posts\/1713\/revisions\/1722"}],"wp:featuredmedia":[{"embeddable":true,"href":"https:\/\/basquefik.com\/eu\/wp-json\/wp\/v2\/media\/1703"}],"wp:attachment":[{"href":"https:\/\/basquefik.com\/eu\/wp-json\/wp\/v2\/media?parent=1713"}],"wp:term":[{"taxonomy":"category","embeddable":true,"href":"https:\/\/basquefik.com\/eu\/wp-json\/wp\/v2\/categories?post=1713"},{"taxonomy":"post_tag","embeddable":true,"href":"https:\/\/basquefik.com\/eu\/wp-json\/wp\/v2\/tags?post=1713"}],"curies":[{"name":"wp","href":"https:\/\/api.w.org\/{rel}","templated":true}]}}