{"id":1377,"date":"2025-07-03T14:45:32","date_gmt":"2025-07-03T12:45:32","guid":{"rendered":"https:\/\/basquefik.com\/basquefik-participa-en-la-gala-with-2025\/"},"modified":"2025-09-02T17:39:25","modified_gmt":"2025-09-02T15:39:25","slug":"basquefik-participa-en-la-gala-with-2025","status":"publish","type":"post","link":"https:\/\/basquefik.com\/eu\/basquefik-participa-en-la-gala-with-2025\/","title":{"rendered":"BASQUEFIKek parte hartu du WITH 2025 Gala ekitaldian"},"content":{"rendered":"<p>BASQUEFIK &#8211; Euskadiko Finantza eta Inbertsio Klusterra ohore handiz izan zen WITH 2025 Gala ekitaldian, Bilboko Guggenheim Museoan ospatua. Ekitaldi inspiratzailea izan zen, emakumeen lidergoa finantza eta enpresa arloetan aitortzen duena, eta berdintasunerako eta talentuaren ikusgarritasunaren aldeko konpromiso kolektiboa indartzen duena.<\/p>\n","protected":false},"excerpt":{"rendered":"<p>BASQUEFIK &#8211; Euskadiko Finantza eta Inbertsio Klusterra ohore handiz izan zen WITH 2025 Gala ekitaldian, Bilboko Guggenheim Museoan ospatua. Ekitaldi inspiratzailea izan zen, emakumeen lidergoa finantza eta enpresa arloetan aitortzen duena, eta berdintasunerako eta talentuaren ikusgarritasunaren aldeko konpromiso kolektiboa indartzen duena.<\/p>\n","protected":false},"author":3,"featured_media":1135,"comment_status":"open","ping_status":"open","sticky":false,"template":"","format":"standard","meta":{"_acf_changed":false,"inline_featured_image":false,"footnotes":""},"categories":[16],"tags":[],"class_list":["post-1377","post","type-post","status-publish","format-standard","has-post-thumbnail","hentry","category-klusterreko-berriak"],"acf":[],"yoast_head":"<!-- This site is optimized with the Yoast SEO plugin v25.2 - https:\/\/yoast.com\/wordpress\/plugins\/seo\/ -->\n<title>BASQUEFIKek parte hartu du WITH 2025 Gala ekitaldian - BASQUEFIK<\/title>\n<meta name=\"description\" content=\"BASQUEFIK estuvo presente en la Gala WITH 2025 en Bilbao, un evento que celebr\u00f3 el liderazgo femenino y fortaleci\u00f3 redes de colaboraci\u00f3n en el ecosistema financiero vasco.\" \/>\n<meta name=\"robots\" content=\"index, follow, max-snippet:-1, max-image-preview:large, max-video-preview:-1\" \/>\n<link rel=\"canonical\" href=\"https:\/\/basquefik.com\/eu\/basquefik-participa-en-la-gala-with-2025\/\" \/>\n<meta property=\"og:locale\" content=\"eu_ES\" \/>\n<meta property=\"og:type\" content=\"article\" \/>\n<meta property=\"og:title\" content=\"BASQUEFIKek parte hartu du WITH 2025 Gala ekitaldian - BASQUEFIK\" \/>\n<meta property=\"og:description\" content=\"BASQUEFIK estuvo presente en la Gala WITH 2025 en Bilbao, un evento que celebr\u00f3 el liderazgo femenino y fortaleci\u00f3 redes de colaboraci\u00f3n en el ecosistema financiero vasco.\" \/>\n<meta property=\"og:url\" content=\"https:\/\/basquefik.com\/eu\/basquefik-participa-en-la-gala-with-2025\/\" \/>\n<meta property=\"og:site_name\" content=\"BASQUEFIK\" \/>\n<meta property=\"article:published_time\" content=\"2025-07-03T12:45:32+00:00\" \/>\n<meta property=\"article:modified_time\" content=\"2025-09-02T15:39:25+00:00\" \/>\n<meta property=\"og:image\" content=\"https:\/\/basquefik.com\/wp-content\/uploads\/2025\/08\/GalaWiTH2025-437-scaled.webp\" \/>\n\t<meta property=\"og:image:width\" content=\"2560\" \/>\n\t<meta property=\"og:image:height\" content=\"1707\" \/>\n\t<meta property=\"og:image:type\" content=\"image\/webp\" \/>\n<meta name=\"author\" content=\"basquefik\" \/>\n<meta name=\"twitter:card\" content=\"summary_large_image\" \/>\n<meta name=\"twitter:label1\" content=\"Written by\" \/>\n\t<meta name=\"twitter:data1\" content=\"basquefik\" \/>\n\t<meta name=\"twitter:label2\" content=\"Est. reading time\" \/>\n\t<meta name=\"twitter:data2\" content=\"1 minute\" \/>\n<script type=\"application\/ld+json\" class=\"yoast-schema-graph\">{\"@context\":\"https:\/\/schema.org\",\"@graph\":[{\"@type\":\"Article\",\"@id\":\"https:\/\/basquefik.com\/eu\/basquefik-participa-en-la-gala-with-2025\/#article\",\"isPartOf\":{\"@id\":\"https:\/\/basquefik.com\/eu\/basquefik-participa-en-la-gala-with-2025\/\"},\"author\":{\"name\":\"basquefik\",\"@id\":\"https:\/\/basquefik.com\/eu\/#\/schema\/person\/39416ecdbe7cfc1ab0a80ccf34d02640\"},\"headline\":\"BASQUEFIKek parte hartu du WITH 2025 Gala ekitaldian\",\"datePublished\":\"2025-07-03T12:45:32+00:00\",\"dateModified\":\"2025-09-02T15:39:25+00:00\",\"mainEntityOfPage\":{\"@id\":\"https:\/\/basquefik.com\/eu\/basquefik-participa-en-la-gala-with-2025\/\"},\"wordCount\":47,\"commentCount\":0,\"publisher\":{\"@id\":\"https:\/\/basquefik.com\/eu\/#organization\"},\"image\":{\"@id\":\"https:\/\/basquefik.com\/eu\/basquefik-participa-en-la-gala-with-2025\/#primaryimage\"},\"thumbnailUrl\":\"https:\/\/basquefik.com\/wp-content\/uploads\/2025\/08\/GalaWiTH2025-437-scaled.webp\",\"articleSection\":[\"Klusterreko berriak\"],\"inLanguage\":\"eu-ES\",\"potentialAction\":[{\"@type\":\"CommentAction\",\"name\":\"Comment\",\"target\":[\"https:\/\/basquefik.com\/eu\/basquefik-participa-en-la-gala-with-2025\/#respond\"]}]},{\"@type\":\"WebPage\",\"@id\":\"https:\/\/basquefik.com\/eu\/basquefik-participa-en-la-gala-with-2025\/\",\"url\":\"https:\/\/basquefik.com\/eu\/basquefik-participa-en-la-gala-with-2025\/\",\"name\":\"BASQUEFIKek parte hartu du WITH 2025 Gala ekitaldian - BASQUEFIK\",\"isPartOf\":{\"@id\":\"https:\/\/basquefik.com\/eu\/#website\"},\"primaryImageOfPage\":{\"@id\":\"https:\/\/basquefik.com\/eu\/basquefik-participa-en-la-gala-with-2025\/#primaryimage\"},\"image\":{\"@id\":\"https:\/\/basquefik.com\/eu\/basquefik-participa-en-la-gala-with-2025\/#primaryimage\"},\"thumbnailUrl\":\"https:\/\/basquefik.com\/wp-content\/uploads\/2025\/08\/GalaWiTH2025-437-scaled.webp\",\"datePublished\":\"2025-07-03T12:45:32+00:00\",\"dateModified\":\"2025-09-02T15:39:25+00:00\",\"description\":\"BASQUEFIK estuvo presente en la Gala WITH 2025 en Bilbao, un evento que celebr\u00f3 el liderazgo femenino y fortaleci\u00f3 redes de colaboraci\u00f3n en el ecosistema financiero vasco.\",\"breadcrumb\":{\"@id\":\"https:\/\/basquefik.com\/eu\/basquefik-participa-en-la-gala-with-2025\/#breadcrumb\"},\"inLanguage\":\"eu-ES\",\"potentialAction\":[{\"@type\":\"ReadAction\",\"target\":[\"https:\/\/basquefik.com\/eu\/basquefik-participa-en-la-gala-with-2025\/\"]}]},{\"@type\":\"ImageObject\",\"inLanguage\":\"eu-ES\",\"@id\":\"https:\/\/basquefik.com\/eu\/basquefik-participa-en-la-gala-with-2025\/#primaryimage\",\"url\":\"https:\/\/basquefik.com\/wp-content\/uploads\/2025\/08\/GalaWiTH2025-437-scaled.webp\",\"contentUrl\":\"https:\/\/basquefik.com\/wp-content\/uploads\/2025\/08\/GalaWiTH2025-437-scaled.webp\",\"width\":2560,\"height\":1707,\"caption\":\"Gala WITH 2025\"},{\"@type\":\"BreadcrumbList\",\"@id\":\"https:\/\/basquefik.com\/eu\/basquefik-participa-en-la-gala-with-2025\/#breadcrumb\",\"itemListElement\":[{\"@type\":\"ListItem\",\"position\":1,\"name\":\"Portada\",\"item\":\"https:\/\/basquefik.com\/eu\/hasiera\/\"},{\"@type\":\"ListItem\",\"position\":2,\"name\":\"BASQUEFIKek parte hartu du WITH 2025 Gala ekitaldian\"}]},{\"@type\":\"WebSite\",\"@id\":\"https:\/\/basquefik.com\/eu\/#website\",\"url\":\"https:\/\/basquefik.com\/eu\/\",\"name\":\"BASQUEFIK\",\"description\":\"\",\"publisher\":{\"@id\":\"https:\/\/basquefik.com\/eu\/#organization\"},\"potentialAction\":[{\"@type\":\"SearchAction\",\"target\":{\"@type\":\"EntryPoint\",\"urlTemplate\":\"https:\/\/basquefik.com\/eu\/?s={search_term_string}\"},\"query-input\":{\"@type\":\"PropertyValueSpecification\",\"valueRequired\":true,\"valueName\":\"search_term_string\"}}],\"inLanguage\":\"eu-ES\"},{\"@type\":\"Organization\",\"@id\":\"https:\/\/basquefik.com\/eu\/#organization\",\"name\":\"BASQUEFIK\",\"url\":\"https:\/\/basquefik.com\/eu\/\",\"logo\":{\"@type\":\"ImageObject\",\"inLanguage\":\"eu-ES\",\"@id\":\"https:\/\/basquefik.com\/eu\/#\/schema\/logo\/image\/\",\"url\":\"https:\/\/basquefik.com\/wp-content\/uploads\/2025\/05\/basquefik.png\",\"contentUrl\":\"https:\/\/basquefik.com\/wp-content\/uploads\/2025\/05\/basquefik.png\",\"width\":770,\"height\":500,\"caption\":\"BASQUEFIK\"},\"image\":{\"@id\":\"https:\/\/basquefik.com\/eu\/#\/schema\/logo\/image\/\"},\"sameAs\":[\"https:\/\/es.linkedin.com\/company\/basquefik\"]},{\"@type\":\"Person\",\"@id\":\"https:\/\/basquefik.com\/eu\/#\/schema\/person\/39416ecdbe7cfc1ab0a80ccf34d02640\",\"name\":\"basquefik\",\"image\":{\"@type\":\"ImageObject\",\"inLanguage\":\"eu-ES\",\"@id\":\"https:\/\/basquefik.com\/eu\/#\/schema\/person\/image\/\",\"url\":\"https:\/\/secure.gravatar.com\/avatar\/a8a15decc600678f84a6f560a148e8eb8d53585ec24064d157f6b03f55528101?s=96&d=mm&r=g\",\"contentUrl\":\"https:\/\/secure.gravatar.com\/avatar\/a8a15decc600678f84a6f560a148e8eb8d53585ec24064d157f6b03f55528101?s=96&d=mm&r=g\",\"caption\":\"basquefik\"},\"url\":\"https:\/\/basquefik.com\/eu\/author\/basquefik\/\"}]}<\/script>\n<!-- \/ Yoast SEO plugin. -->","yoast_head_json":{"title":"BASQUEFIKek parte hartu du WITH 2025 Gala ekitaldian - BASQUEFIK","description":"BASQUEFIK estuvo presente en la Gala WITH 2025 en Bilbao, un evento que celebr\u00f3 el liderazgo femenino y fortaleci\u00f3 redes de colaboraci\u00f3n en el ecosistema financiero vasco.","robots":{"index":"index","follow":"follow","max-snippet":"max-snippet:-1","max-image-preview":"max-image-preview:large","max-video-preview":"max-video-preview:-1"},"canonical":"https:\/\/basquefik.com\/eu\/basquefik-participa-en-la-gala-with-2025\/","og_locale":"eu_ES","og_type":"article","og_title":"BASQUEFIKek parte hartu du WITH 2025 Gala ekitaldian - BASQUEFIK","og_description":"BASQUEFIK estuvo presente en la Gala WITH 2025 en Bilbao, un evento que celebr\u00f3 el liderazgo femenino y fortaleci\u00f3 redes de colaboraci\u00f3n en el ecosistema financiero vasco.","og_url":"https:\/\/basquefik.com\/eu\/basquefik-participa-en-la-gala-with-2025\/","og_site_name":"BASQUEFIK","article_published_time":"2025-07-03T12:45:32+00:00","article_modified_time":"2025-09-02T15:39:25+00:00","og_image":[{"width":2560,"height":1707,"url":"https:\/\/basquefik.com\/wp-content\/uploads\/2025\/08\/GalaWiTH2025-437-scaled.webp","type":"image\/webp"}],"author":"basquefik","twitter_card":"summary_large_image","twitter_misc":{"Written by":"basquefik","Est. reading time":"1 minute"},"schema":{"@context":"https:\/\/schema.org","@graph":[{"@type":"Article","@id":"https:\/\/basquefik.com\/eu\/basquefik-participa-en-la-gala-with-2025\/#article","isPartOf":{"@id":"https:\/\/basquefik.com\/eu\/basquefik-participa-en-la-gala-with-2025\/"},"author":{"name":"basquefik","@id":"https:\/\/basquefik.com\/eu\/#\/schema\/person\/39416ecdbe7cfc1ab0a80ccf34d02640"},"headline":"BASQUEFIKek parte hartu du WITH 2025 Gala ekitaldian","datePublished":"2025-07-03T12:45:32+00:00","dateModified":"2025-09-02T15:39:25+00:00","mainEntityOfPage":{"@id":"https:\/\/basquefik.com\/eu\/basquefik-participa-en-la-gala-with-2025\/"},"wordCount":47,"commentCount":0,"publisher":{"@id":"https:\/\/basquefik.com\/eu\/#organization"},"image":{"@id":"https:\/\/basquefik.com\/eu\/basquefik-participa-en-la-gala-with-2025\/#primaryimage"},"thumbnailUrl":"https:\/\/basquefik.com\/wp-content\/uploads\/2025\/08\/GalaWiTH2025-437-scaled.webp","articleSection":["Klusterreko berriak"],"inLanguage":"eu-ES","potentialAction":[{"@type":"CommentAction","name":"Comment","target":["https:\/\/basquefik.com\/eu\/basquefik-participa-en-la-gala-with-2025\/#respond"]}]},{"@type":"WebPage","@id":"https:\/\/basquefik.com\/eu\/basquefik-participa-en-la-gala-with-2025\/","url":"https:\/\/basquefik.com\/eu\/basquefik-participa-en-la-gala-with-2025\/","name":"BASQUEFIKek parte hartu du WITH 2025 Gala ekitaldian - BASQUEFIK","isPartOf":{"@id":"https:\/\/basquefik.com\/eu\/#website"},"primaryImageOfPage":{"@id":"https:\/\/basquefik.com\/eu\/basquefik-participa-en-la-gala-with-2025\/#primaryimage"},"image":{"@id":"https:\/\/basquefik.com\/eu\/basquefik-participa-en-la-gala-with-2025\/#primaryimage"},"thumbnailUrl":"https:\/\/basquefik.com\/wp-content\/uploads\/2025\/08\/GalaWiTH2025-437-scaled.webp","datePublished":"2025-07-03T12:45:32+00:00","dateModified":"2025-09-02T15:39:25+00:00","description":"BASQUEFIK estuvo presente en la Gala WITH 2025 en Bilbao, un evento que celebr\u00f3 el liderazgo femenino y fortaleci\u00f3 redes de colaboraci\u00f3n en el ecosistema financiero vasco.","breadcrumb":{"@id":"https:\/\/basquefik.com\/eu\/basquefik-participa-en-la-gala-with-2025\/#breadcrumb"},"inLanguage":"eu-ES","potentialAction":[{"@type":"ReadAction","target":["https:\/\/basquefik.com\/eu\/basquefik-participa-en-la-gala-with-2025\/"]}]},{"@type":"ImageObject","inLanguage":"eu-ES","@id":"https:\/\/basquefik.com\/eu\/basquefik-participa-en-la-gala-with-2025\/#primaryimage","url":"https:\/\/basquefik.com\/wp-content\/uploads\/2025\/08\/GalaWiTH2025-437-scaled.webp","contentUrl":"https:\/\/basquefik.com\/wp-content\/uploads\/2025\/08\/GalaWiTH2025-437-scaled.webp","width":2560,"height":1707,"caption":"Gala WITH 2025"},{"@type":"BreadcrumbList","@id":"https:\/\/basquefik.com\/eu\/basquefik-participa-en-la-gala-with-2025\/#breadcrumb","itemListElement":[{"@type":"ListItem","position":1,"name":"Portada","item":"https:\/\/basquefik.com\/eu\/hasiera\/"},{"@type":"ListItem","position":2,"name":"BASQUEFIKek parte hartu du WITH 2025 Gala ekitaldian"}]},{"@type":"WebSite","@id":"https:\/\/basquefik.com\/eu\/#website","url":"https:\/\/basquefik.com\/eu\/","name":"BASQUEFIK","description":"","publisher":{"@id":"https:\/\/basquefik.com\/eu\/#organization"},"potentialAction":[{"@type":"SearchAction","target":{"@type":"EntryPoint","urlTemplate":"https:\/\/basquefik.com\/eu\/?s={search_term_string}"},"query-input":{"@type":"PropertyValueSpecification","valueRequired":true,"valueName":"search_term_string"}}],"inLanguage":"eu-ES"},{"@type":"Organization","@id":"https:\/\/basquefik.com\/eu\/#organization","name":"BASQUEFIK","url":"https:\/\/basquefik.com\/eu\/","logo":{"@type":"ImageObject","inLanguage":"eu-ES","@id":"https:\/\/basquefik.com\/eu\/#\/schema\/logo\/image\/","url":"https:\/\/basquefik.com\/wp-content\/uploads\/2025\/05\/basquefik.png","contentUrl":"https:\/\/basquefik.com\/wp-content\/uploads\/2025\/05\/basquefik.png","width":770,"height":500,"caption":"BASQUEFIK"},"image":{"@id":"https:\/\/basquefik.com\/eu\/#\/schema\/logo\/image\/"},"sameAs":["https:\/\/es.linkedin.com\/company\/basquefik"]},{"@type":"Person","@id":"https:\/\/basquefik.com\/eu\/#\/schema\/person\/39416ecdbe7cfc1ab0a80ccf34d02640","name":"basquefik","image":{"@type":"ImageObject","inLanguage":"eu-ES","@id":"https:\/\/basquefik.com\/eu\/#\/schema\/person\/image\/","url":"https:\/\/secure.gravatar.com\/avatar\/a8a15decc600678f84a6f560a148e8eb8d53585ec24064d157f6b03f55528101?s=96&d=mm&r=g","contentUrl":"https:\/\/secure.gravatar.com\/avatar\/a8a15decc600678f84a6f560a148e8eb8d53585ec24064d157f6b03f55528101?s=96&d=mm&r=g","caption":"basquefik"},"url":"https:\/\/basquefik.com\/eu\/author\/basquefik\/"}]}},"_links":{"self":[{"href":"https:\/\/basquefik.com\/eu\/wp-json\/wp\/v2\/posts\/1377","targetHints":{"allow":["GET"]}}],"collection":[{"href":"https:\/\/basquefik.com\/eu\/wp-json\/wp\/v2\/posts"}],"about":[{"href":"https:\/\/basquefik.com\/eu\/wp-json\/wp\/v2\/types\/post"}],"author":[{"embeddable":true,"href":"https:\/\/basquefik.com\/eu\/wp-json\/wp\/v2\/users\/3"}],"replies":[{"embeddable":true,"href":"https:\/\/basquefik.com\/eu\/wp-json\/wp\/v2\/comments?post=1377"}],"version-history":[{"count":3,"href":"https:\/\/basquefik.com\/eu\/wp-json\/wp\/v2\/posts\/1377\/revisions"}],"predecessor-version":[{"id":1526,"href":"https:\/\/basquefik.com\/eu\/wp-json\/wp\/v2\/posts\/1377\/revisions\/1526"}],"wp:featuredmedia":[{"embeddable":true,"href":"https:\/\/basquefik.com\/eu\/wp-json\/wp\/v2\/media\/1135"}],"wp:attachment":[{"href":"https:\/\/basquefik.com\/eu\/wp-json\/wp\/v2\/media?parent=1377"}],"wp:term":[{"taxonomy":"category","embeddable":true,"href":"https:\/\/basquefik.com\/eu\/wp-json\/wp\/v2\/categories?post=1377"},{"taxonomy":"post_tag","embeddable":true,"href":"https:\/\/basquefik.com\/eu\/wp-json\/wp\/v2\/tags?post=1377"}],"curies":[{"name":"wp","href":"https:\/\/api.w.org\/{rel}","templated":true}]}}