{"id":1378,"date":"2025-07-03T14:45:32","date_gmt":"2025-07-03T12:45:32","guid":{"rendered":"https:\/\/basquefik.com\/basquefik-participa-en-la-gala-with-2025\/"},"modified":"2025-09-02T17:40:52","modified_gmt":"2025-09-02T15:40:52","slug":"basquefik-participa-en-la-gala-with-2025","status":"publish","type":"post","link":"https:\/\/basquefik.com\/en\/basquefik-participa-en-la-gala-with-2025\/","title":{"rendered":"BASQUEFIK Participates in the WITH 2025 Gala"},"content":{"rendered":"<p>BASQUEFIK \u2013 the Basque Finance and Investment Cluster \u2013 had the honor of attending the WITH 2025 Gala, held at the Guggenheim Museum Bilbao. An inspiring event that recognizes female leadership in the financial and business sectors, and reinforces the collective commitment to equality and the visibility of talent.<\/p>\n","protected":false},"excerpt":{"rendered":"<p>BASQUEFIK \u2013 the Basque Finance and Investment Cluster \u2013 had the honor of attending the WITH 2025 Gala, held at the Guggenheim Museum Bilbao. An inspiring event that recognizes female leadership in the financial and business sectors, and reinforces the collective commitment to equality and the visibility of talent.<\/p>\n","protected":false},"author":3,"featured_media":1136,"comment_status":"open","ping_status":"open","sticky":false,"template":"","format":"standard","meta":{"_acf_changed":false,"inline_featured_image":false,"footnotes":""},"categories":[19],"tags":[],"class_list":["post-1378","post","type-post","status-publish","format-standard","has-post-thumbnail","hentry","category-cluster-news"],"acf":[],"yoast_head":"<!-- This site is optimized with the Yoast SEO plugin v25.2 - https:\/\/yoast.com\/wordpress\/plugins\/seo\/ -->\n<title>BASQUEFIK Participates in the WITH 2025 Gala - BASQUEFIK<\/title>\n<meta name=\"description\" content=\"BASQUEFIK estuvo presente en la Gala WITH 2025 en Bilbao, un evento que celebr\u00f3 el liderazgo femenino y fortaleci\u00f3 redes de colaboraci\u00f3n en el ecosistema financiero vasco.\" \/>\n<meta name=\"robots\" content=\"index, follow, max-snippet:-1, max-image-preview:large, max-video-preview:-1\" \/>\n<link rel=\"canonical\" href=\"https:\/\/basquefik.com\/en\/basquefik-participa-en-la-gala-with-2025\/\" \/>\n<meta property=\"og:locale\" content=\"en_US\" \/>\n<meta property=\"og:type\" content=\"article\" \/>\n<meta property=\"og:title\" content=\"BASQUEFIK Participates in the WITH 2025 Gala - BASQUEFIK\" \/>\n<meta property=\"og:description\" content=\"BASQUEFIK estuvo presente en la Gala WITH 2025 en Bilbao, un evento que celebr\u00f3 el liderazgo femenino y fortaleci\u00f3 redes de colaboraci\u00f3n en el ecosistema financiero vasco.\" \/>\n<meta property=\"og:url\" content=\"https:\/\/basquefik.com\/en\/basquefik-participa-en-la-gala-with-2025\/\" \/>\n<meta property=\"og:site_name\" content=\"BASQUEFIK\" \/>\n<meta property=\"article:published_time\" content=\"2025-07-03T12:45:32+00:00\" \/>\n<meta property=\"article:modified_time\" content=\"2025-09-02T15:40:52+00:00\" \/>\n<meta property=\"og:image\" content=\"https:\/\/basquefik.com\/wp-content\/uploads\/2025\/08\/GalaWiTH2025-437-scaled.webp\" \/>\n\t<meta property=\"og:image:width\" content=\"2560\" \/>\n\t<meta property=\"og:image:height\" content=\"1707\" \/>\n\t<meta property=\"og:image:type\" content=\"image\/webp\" \/>\n<meta name=\"author\" content=\"basquefik\" \/>\n<meta name=\"twitter:card\" content=\"summary_large_image\" \/>\n<meta name=\"twitter:label1\" content=\"Written by\" \/>\n\t<meta name=\"twitter:data1\" content=\"basquefik\" \/>\n\t<meta name=\"twitter:label2\" content=\"Est. reading time\" \/>\n\t<meta name=\"twitter:data2\" content=\"1 minute\" \/>\n<script type=\"application\/ld+json\" class=\"yoast-schema-graph\">{\"@context\":\"https:\/\/schema.org\",\"@graph\":[{\"@type\":\"Article\",\"@id\":\"https:\/\/basquefik.com\/en\/basquefik-participa-en-la-gala-with-2025\/#article\",\"isPartOf\":{\"@id\":\"https:\/\/basquefik.com\/en\/basquefik-participa-en-la-gala-with-2025\/\"},\"author\":{\"name\":\"basquefik\",\"@id\":\"https:\/\/basquefik.com\/en\/#\/schema\/person\/39416ecdbe7cfc1ab0a80ccf34d02640\"},\"headline\":\"BASQUEFIK Participates in the WITH 2025 Gala\",\"datePublished\":\"2025-07-03T12:45:32+00:00\",\"dateModified\":\"2025-09-02T15:40:52+00:00\",\"mainEntityOfPage\":{\"@id\":\"https:\/\/basquefik.com\/en\/basquefik-participa-en-la-gala-with-2025\/\"},\"wordCount\":52,\"commentCount\":0,\"publisher\":{\"@id\":\"https:\/\/basquefik.com\/en\/#organization\"},\"image\":{\"@id\":\"https:\/\/basquefik.com\/en\/basquefik-participa-en-la-gala-with-2025\/#primaryimage\"},\"thumbnailUrl\":\"https:\/\/basquefik.com\/wp-content\/uploads\/2025\/08\/GalaWiTH2025-437-scaled.webp\",\"articleSection\":[\"Cluster News\"],\"inLanguage\":\"en-US\",\"potentialAction\":[{\"@type\":\"CommentAction\",\"name\":\"Comment\",\"target\":[\"https:\/\/basquefik.com\/en\/basquefik-participa-en-la-gala-with-2025\/#respond\"]}]},{\"@type\":\"WebPage\",\"@id\":\"https:\/\/basquefik.com\/en\/basquefik-participa-en-la-gala-with-2025\/\",\"url\":\"https:\/\/basquefik.com\/en\/basquefik-participa-en-la-gala-with-2025\/\",\"name\":\"BASQUEFIK Participates in the WITH 2025 Gala - BASQUEFIK\",\"isPartOf\":{\"@id\":\"https:\/\/basquefik.com\/en\/#website\"},\"primaryImageOfPage\":{\"@id\":\"https:\/\/basquefik.com\/en\/basquefik-participa-en-la-gala-with-2025\/#primaryimage\"},\"image\":{\"@id\":\"https:\/\/basquefik.com\/en\/basquefik-participa-en-la-gala-with-2025\/#primaryimage\"},\"thumbnailUrl\":\"https:\/\/basquefik.com\/wp-content\/uploads\/2025\/08\/GalaWiTH2025-437-scaled.webp\",\"datePublished\":\"2025-07-03T12:45:32+00:00\",\"dateModified\":\"2025-09-02T15:40:52+00:00\",\"description\":\"BASQUEFIK estuvo presente en la Gala WITH 2025 en Bilbao, un evento que celebr\u00f3 el liderazgo femenino y fortaleci\u00f3 redes de colaboraci\u00f3n en el ecosistema financiero vasco.\",\"breadcrumb\":{\"@id\":\"https:\/\/basquefik.com\/en\/basquefik-participa-en-la-gala-with-2025\/#breadcrumb\"},\"inLanguage\":\"en-US\",\"potentialAction\":[{\"@type\":\"ReadAction\",\"target\":[\"https:\/\/basquefik.com\/en\/basquefik-participa-en-la-gala-with-2025\/\"]}]},{\"@type\":\"ImageObject\",\"inLanguage\":\"en-US\",\"@id\":\"https:\/\/basquefik.com\/en\/basquefik-participa-en-la-gala-with-2025\/#primaryimage\",\"url\":\"https:\/\/basquefik.com\/wp-content\/uploads\/2025\/08\/GalaWiTH2025-437-scaled.webp\",\"contentUrl\":\"https:\/\/basquefik.com\/wp-content\/uploads\/2025\/08\/GalaWiTH2025-437-scaled.webp\",\"width\":2560,\"height\":1707,\"caption\":\"Gala WITH 2025\"},{\"@type\":\"BreadcrumbList\",\"@id\":\"https:\/\/basquefik.com\/en\/basquefik-participa-en-la-gala-with-2025\/#breadcrumb\",\"itemListElement\":[{\"@type\":\"ListItem\",\"position\":1,\"name\":\"Portada\",\"item\":\"https:\/\/basquefik.com\/en\/\"},{\"@type\":\"ListItem\",\"position\":2,\"name\":\"BASQUEFIK Participates in the WITH 2025 Gala\"}]},{\"@type\":\"WebSite\",\"@id\":\"https:\/\/basquefik.com\/en\/#website\",\"url\":\"https:\/\/basquefik.com\/en\/\",\"name\":\"BASQUEFIK\",\"description\":\"\",\"publisher\":{\"@id\":\"https:\/\/basquefik.com\/en\/#organization\"},\"potentialAction\":[{\"@type\":\"SearchAction\",\"target\":{\"@type\":\"EntryPoint\",\"urlTemplate\":\"https:\/\/basquefik.com\/en\/?s={search_term_string}\"},\"query-input\":{\"@type\":\"PropertyValueSpecification\",\"valueRequired\":true,\"valueName\":\"search_term_string\"}}],\"inLanguage\":\"en-US\"},{\"@type\":\"Organization\",\"@id\":\"https:\/\/basquefik.com\/en\/#organization\",\"name\":\"BASQUEFIK\",\"url\":\"https:\/\/basquefik.com\/en\/\",\"logo\":{\"@type\":\"ImageObject\",\"inLanguage\":\"en-US\",\"@id\":\"https:\/\/basquefik.com\/en\/#\/schema\/logo\/image\/\",\"url\":\"https:\/\/basquefik.com\/wp-content\/uploads\/2025\/05\/basquefik.png\",\"contentUrl\":\"https:\/\/basquefik.com\/wp-content\/uploads\/2025\/05\/basquefik.png\",\"width\":770,\"height\":500,\"caption\":\"BASQUEFIK\"},\"image\":{\"@id\":\"https:\/\/basquefik.com\/en\/#\/schema\/logo\/image\/\"},\"sameAs\":[\"https:\/\/es.linkedin.com\/company\/basquefik\"]},{\"@type\":\"Person\",\"@id\":\"https:\/\/basquefik.com\/en\/#\/schema\/person\/39416ecdbe7cfc1ab0a80ccf34d02640\",\"name\":\"basquefik\",\"image\":{\"@type\":\"ImageObject\",\"inLanguage\":\"en-US\",\"@id\":\"https:\/\/basquefik.com\/en\/#\/schema\/person\/image\/\",\"url\":\"https:\/\/secure.gravatar.com\/avatar\/a8a15decc600678f84a6f560a148e8eb8d53585ec24064d157f6b03f55528101?s=96&d=mm&r=g\",\"contentUrl\":\"https:\/\/secure.gravatar.com\/avatar\/a8a15decc600678f84a6f560a148e8eb8d53585ec24064d157f6b03f55528101?s=96&d=mm&r=g\",\"caption\":\"basquefik\"},\"url\":\"https:\/\/basquefik.com\/en\/author\/basquefik\/\"}]}<\/script>\n<!-- \/ Yoast SEO plugin. -->","yoast_head_json":{"title":"BASQUEFIK Participates in the WITH 2025 Gala - BASQUEFIK","description":"BASQUEFIK estuvo presente en la Gala WITH 2025 en Bilbao, un evento que celebr\u00f3 el liderazgo femenino y fortaleci\u00f3 redes de colaboraci\u00f3n en el ecosistema financiero vasco.","robots":{"index":"index","follow":"follow","max-snippet":"max-snippet:-1","max-image-preview":"max-image-preview:large","max-video-preview":"max-video-preview:-1"},"canonical":"https:\/\/basquefik.com\/en\/basquefik-participa-en-la-gala-with-2025\/","og_locale":"en_US","og_type":"article","og_title":"BASQUEFIK Participates in the WITH 2025 Gala - BASQUEFIK","og_description":"BASQUEFIK estuvo presente en la Gala WITH 2025 en Bilbao, un evento que celebr\u00f3 el liderazgo femenino y fortaleci\u00f3 redes de colaboraci\u00f3n en el ecosistema financiero vasco.","og_url":"https:\/\/basquefik.com\/en\/basquefik-participa-en-la-gala-with-2025\/","og_site_name":"BASQUEFIK","article_published_time":"2025-07-03T12:45:32+00:00","article_modified_time":"2025-09-02T15:40:52+00:00","og_image":[{"width":2560,"height":1707,"url":"https:\/\/basquefik.com\/wp-content\/uploads\/2025\/08\/GalaWiTH2025-437-scaled.webp","type":"image\/webp"}],"author":"basquefik","twitter_card":"summary_large_image","twitter_misc":{"Written by":"basquefik","Est. reading time":"1 minute"},"schema":{"@context":"https:\/\/schema.org","@graph":[{"@type":"Article","@id":"https:\/\/basquefik.com\/en\/basquefik-participa-en-la-gala-with-2025\/#article","isPartOf":{"@id":"https:\/\/basquefik.com\/en\/basquefik-participa-en-la-gala-with-2025\/"},"author":{"name":"basquefik","@id":"https:\/\/basquefik.com\/en\/#\/schema\/person\/39416ecdbe7cfc1ab0a80ccf34d02640"},"headline":"BASQUEFIK Participates in the WITH 2025 Gala","datePublished":"2025-07-03T12:45:32+00:00","dateModified":"2025-09-02T15:40:52+00:00","mainEntityOfPage":{"@id":"https:\/\/basquefik.com\/en\/basquefik-participa-en-la-gala-with-2025\/"},"wordCount":52,"commentCount":0,"publisher":{"@id":"https:\/\/basquefik.com\/en\/#organization"},"image":{"@id":"https:\/\/basquefik.com\/en\/basquefik-participa-en-la-gala-with-2025\/#primaryimage"},"thumbnailUrl":"https:\/\/basquefik.com\/wp-content\/uploads\/2025\/08\/GalaWiTH2025-437-scaled.webp","articleSection":["Cluster News"],"inLanguage":"en-US","potentialAction":[{"@type":"CommentAction","name":"Comment","target":["https:\/\/basquefik.com\/en\/basquefik-participa-en-la-gala-with-2025\/#respond"]}]},{"@type":"WebPage","@id":"https:\/\/basquefik.com\/en\/basquefik-participa-en-la-gala-with-2025\/","url":"https:\/\/basquefik.com\/en\/basquefik-participa-en-la-gala-with-2025\/","name":"BASQUEFIK Participates in the WITH 2025 Gala - BASQUEFIK","isPartOf":{"@id":"https:\/\/basquefik.com\/en\/#website"},"primaryImageOfPage":{"@id":"https:\/\/basquefik.com\/en\/basquefik-participa-en-la-gala-with-2025\/#primaryimage"},"image":{"@id":"https:\/\/basquefik.com\/en\/basquefik-participa-en-la-gala-with-2025\/#primaryimage"},"thumbnailUrl":"https:\/\/basquefik.com\/wp-content\/uploads\/2025\/08\/GalaWiTH2025-437-scaled.webp","datePublished":"2025-07-03T12:45:32+00:00","dateModified":"2025-09-02T15:40:52+00:00","description":"BASQUEFIK estuvo presente en la Gala WITH 2025 en Bilbao, un evento que celebr\u00f3 el liderazgo femenino y fortaleci\u00f3 redes de colaboraci\u00f3n en el ecosistema financiero vasco.","breadcrumb":{"@id":"https:\/\/basquefik.com\/en\/basquefik-participa-en-la-gala-with-2025\/#breadcrumb"},"inLanguage":"en-US","potentialAction":[{"@type":"ReadAction","target":["https:\/\/basquefik.com\/en\/basquefik-participa-en-la-gala-with-2025\/"]}]},{"@type":"ImageObject","inLanguage":"en-US","@id":"https:\/\/basquefik.com\/en\/basquefik-participa-en-la-gala-with-2025\/#primaryimage","url":"https:\/\/basquefik.com\/wp-content\/uploads\/2025\/08\/GalaWiTH2025-437-scaled.webp","contentUrl":"https:\/\/basquefik.com\/wp-content\/uploads\/2025\/08\/GalaWiTH2025-437-scaled.webp","width":2560,"height":1707,"caption":"Gala WITH 2025"},{"@type":"BreadcrumbList","@id":"https:\/\/basquefik.com\/en\/basquefik-participa-en-la-gala-with-2025\/#breadcrumb","itemListElement":[{"@type":"ListItem","position":1,"name":"Portada","item":"https:\/\/basquefik.com\/en\/"},{"@type":"ListItem","position":2,"name":"BASQUEFIK Participates in the WITH 2025 Gala"}]},{"@type":"WebSite","@id":"https:\/\/basquefik.com\/en\/#website","url":"https:\/\/basquefik.com\/en\/","name":"BASQUEFIK","description":"","publisher":{"@id":"https:\/\/basquefik.com\/en\/#organization"},"potentialAction":[{"@type":"SearchAction","target":{"@type":"EntryPoint","urlTemplate":"https:\/\/basquefik.com\/en\/?s={search_term_string}"},"query-input":{"@type":"PropertyValueSpecification","valueRequired":true,"valueName":"search_term_string"}}],"inLanguage":"en-US"},{"@type":"Organization","@id":"https:\/\/basquefik.com\/en\/#organization","name":"BASQUEFIK","url":"https:\/\/basquefik.com\/en\/","logo":{"@type":"ImageObject","inLanguage":"en-US","@id":"https:\/\/basquefik.com\/en\/#\/schema\/logo\/image\/","url":"https:\/\/basquefik.com\/wp-content\/uploads\/2025\/05\/basquefik.png","contentUrl":"https:\/\/basquefik.com\/wp-content\/uploads\/2025\/05\/basquefik.png","width":770,"height":500,"caption":"BASQUEFIK"},"image":{"@id":"https:\/\/basquefik.com\/en\/#\/schema\/logo\/image\/"},"sameAs":["https:\/\/es.linkedin.com\/company\/basquefik"]},{"@type":"Person","@id":"https:\/\/basquefik.com\/en\/#\/schema\/person\/39416ecdbe7cfc1ab0a80ccf34d02640","name":"basquefik","image":{"@type":"ImageObject","inLanguage":"en-US","@id":"https:\/\/basquefik.com\/en\/#\/schema\/person\/image\/","url":"https:\/\/secure.gravatar.com\/avatar\/a8a15decc600678f84a6f560a148e8eb8d53585ec24064d157f6b03f55528101?s=96&d=mm&r=g","contentUrl":"https:\/\/secure.gravatar.com\/avatar\/a8a15decc600678f84a6f560a148e8eb8d53585ec24064d157f6b03f55528101?s=96&d=mm&r=g","caption":"basquefik"},"url":"https:\/\/basquefik.com\/en\/author\/basquefik\/"}]}},"_links":{"self":[{"href":"https:\/\/basquefik.com\/en\/wp-json\/wp\/v2\/posts\/1378","targetHints":{"allow":["GET"]}}],"collection":[{"href":"https:\/\/basquefik.com\/en\/wp-json\/wp\/v2\/posts"}],"about":[{"href":"https:\/\/basquefik.com\/en\/wp-json\/wp\/v2\/types\/post"}],"author":[{"embeddable":true,"href":"https:\/\/basquefik.com\/en\/wp-json\/wp\/v2\/users\/3"}],"replies":[{"embeddable":true,"href":"https:\/\/basquefik.com\/en\/wp-json\/wp\/v2\/comments?post=1378"}],"version-history":[{"count":2,"href":"https:\/\/basquefik.com\/en\/wp-json\/wp\/v2\/posts\/1378\/revisions"}],"predecessor-version":[{"id":1527,"href":"https:\/\/basquefik.com\/en\/wp-json\/wp\/v2\/posts\/1378\/revisions\/1527"}],"wp:featuredmedia":[{"embeddable":true,"href":"https:\/\/basquefik.com\/en\/wp-json\/wp\/v2\/media\/1136"}],"wp:attachment":[{"href":"https:\/\/basquefik.com\/en\/wp-json\/wp\/v2\/media?parent=1378"}],"wp:term":[{"taxonomy":"category","embeddable":true,"href":"https:\/\/basquefik.com\/en\/wp-json\/wp\/v2\/categories?post=1378"},{"taxonomy":"post_tag","embeddable":true,"href":"https:\/\/basquefik.com\/en\/wp-json\/wp\/v2\/tags?post=1378"}],"curies":[{"name":"wp","href":"https:\/\/api.w.org\/{rel}","templated":true}]}}