{"id":1362,"date":"2025-07-16T16:01:44","date_gmt":"2025-07-16T14:01:44","guid":{"rendered":"https:\/\/basquefik.com\/talde-celebra-su-junta-anual-de-accionistas-y-aprueba-un-dividendo\/"},"modified":"2025-09-02T16:59:08","modified_gmt":"2025-09-02T14:59:08","slug":"talde-celebra-su-junta-anual-de-accionistas-y-aprueba-un-dividendo","status":"publish","type":"post","link":"https:\/\/basquefik.com\/en\/talde-celebra-su-junta-anual-de-accionistas-y-aprueba-un-dividendo\/","title":{"rendered":"TALDE Holds Annual General Meeting and Approves Dividend"},"content":{"rendered":"<p>Talde closed 2024 with a profit of \u20ac30.5 million, well above the \u20ac5.5 million of the previous year, thanks to the strong performance of its investments. The Meeting approved the distribution of a total dividend of \u20ac2.5 per share, with the remainder allocated to reserves. Its current portfolio comprises 13 companies in sectors such as technology, logistics, healthcare, and food. In addition, the company foresees possible new dividends depending on the results of 2025.<\/p>\n","protected":false},"excerpt":{"rendered":"<p>Talde closed 2024 with a profit of \u20ac30.5 million, well above the \u20ac5.5 million of the previous year, thanks to the strong performance of its investments. The Meeting approved the distribution of a total dividend of \u20ac2.5 per share, with the remainder allocated to reserves. Its current portfolio comprises 13 companies in sectors such as [&hellip;]<\/p>\n","protected":false},"author":3,"featured_media":1011,"comment_status":"open","ping_status":"open","sticky":false,"template":"","format":"standard","meta":{"_acf_changed":false,"inline_featured_image":false,"footnotes":""},"categories":[20],"tags":[],"class_list":["post-1362","post","type-post","status-publish","format-standard","has-post-thumbnail","hentry","category-industry-news"],"acf":[],"yoast_head":"<!-- This site is optimized with the Yoast SEO plugin v25.2 - https:\/\/yoast.com\/wordpress\/plugins\/seo\/ -->\n<title>TALDE Holds Annual General Meeting and Approves Dividend - BASQUEFIK<\/title>\n<meta name=\"description\" content=\"Talde logra un beneficio r\u00e9cord de 30,5 millones en 2024, reparte 2,5 \u20ac por acci\u00f3n y refuerza reservas, con una cartera diversificada en tecnolog\u00eda, salud y m\u00e1s sectores.\" \/>\n<meta name=\"robots\" content=\"index, follow, max-snippet:-1, max-image-preview:large, max-video-preview:-1\" \/>\n<link rel=\"canonical\" href=\"https:\/\/basquefik.com\/en\/talde-celebra-su-junta-anual-de-accionistas-y-aprueba-un-dividendo\/\" \/>\n<meta property=\"og:locale\" content=\"en_US\" \/>\n<meta property=\"og:type\" content=\"article\" \/>\n<meta property=\"og:title\" content=\"TALDE Holds Annual General Meeting and Approves Dividend - BASQUEFIK\" \/>\n<meta property=\"og:description\" content=\"Talde logra un beneficio r\u00e9cord de 30,5 millones en 2024, reparte 2,5 \u20ac por acci\u00f3n y refuerza reservas, con una cartera diversificada en tecnolog\u00eda, salud y m\u00e1s sectores.\" \/>\n<meta property=\"og:url\" content=\"https:\/\/basquefik.com\/en\/talde-celebra-su-junta-anual-de-accionistas-y-aprueba-un-dividendo\/\" \/>\n<meta property=\"og:site_name\" content=\"BASQUEFIK\" \/>\n<meta property=\"article:published_time\" content=\"2025-07-16T14:01:44+00:00\" \/>\n<meta property=\"article:modified_time\" content=\"2025-09-02T14:59:08+00:00\" \/>\n<meta property=\"og:image\" content=\"https:\/\/basquefik.com\/wp-content\/uploads\/2025\/07\/Talde-Junta-Anual-Accionistas.jpg\" \/>\n\t<meta property=\"og:image:width\" content=\"680\" \/>\n\t<meta property=\"og:image:height\" content=\"348\" \/>\n\t<meta property=\"og:image:type\" content=\"image\/jpeg\" \/>\n<meta name=\"author\" content=\"basquefik\" \/>\n<meta name=\"twitter:card\" content=\"summary_large_image\" \/>\n<meta name=\"twitter:label1\" content=\"Written by\" \/>\n\t<meta name=\"twitter:data1\" content=\"basquefik\" \/>\n\t<meta name=\"twitter:label2\" content=\"Est. reading time\" \/>\n\t<meta name=\"twitter:data2\" content=\"1 minute\" \/>\n<script type=\"application\/ld+json\" class=\"yoast-schema-graph\">{\"@context\":\"https:\/\/schema.org\",\"@graph\":[{\"@type\":\"Article\",\"@id\":\"https:\/\/basquefik.com\/en\/talde-celebra-su-junta-anual-de-accionistas-y-aprueba-un-dividendo\/#article\",\"isPartOf\":{\"@id\":\"https:\/\/basquefik.com\/en\/talde-celebra-su-junta-anual-de-accionistas-y-aprueba-un-dividendo\/\"},\"author\":{\"name\":\"basquefik\",\"@id\":\"https:\/\/basquefik.com\/en\/#\/schema\/person\/39416ecdbe7cfc1ab0a80ccf34d02640\"},\"headline\":\"TALDE Holds Annual General Meeting and Approves Dividend\",\"datePublished\":\"2025-07-16T14:01:44+00:00\",\"dateModified\":\"2025-09-02T14:59:08+00:00\",\"mainEntityOfPage\":{\"@id\":\"https:\/\/basquefik.com\/en\/talde-celebra-su-junta-anual-de-accionistas-y-aprueba-un-dividendo\/\"},\"wordCount\":76,\"commentCount\":0,\"publisher\":{\"@id\":\"https:\/\/basquefik.com\/en\/#organization\"},\"image\":{\"@id\":\"https:\/\/basquefik.com\/en\/talde-celebra-su-junta-anual-de-accionistas-y-aprueba-un-dividendo\/#primaryimage\"},\"thumbnailUrl\":\"https:\/\/basquefik.com\/wp-content\/uploads\/2025\/07\/Talde-Junta-Anual-Accionistas.jpg\",\"articleSection\":[\"Industry News\"],\"inLanguage\":\"en-US\",\"potentialAction\":[{\"@type\":\"CommentAction\",\"name\":\"Comment\",\"target\":[\"https:\/\/basquefik.com\/en\/talde-celebra-su-junta-anual-de-accionistas-y-aprueba-un-dividendo\/#respond\"]}]},{\"@type\":\"WebPage\",\"@id\":\"https:\/\/basquefik.com\/en\/talde-celebra-su-junta-anual-de-accionistas-y-aprueba-un-dividendo\/\",\"url\":\"https:\/\/basquefik.com\/en\/talde-celebra-su-junta-anual-de-accionistas-y-aprueba-un-dividendo\/\",\"name\":\"TALDE Holds Annual General Meeting and Approves Dividend - BASQUEFIK\",\"isPartOf\":{\"@id\":\"https:\/\/basquefik.com\/en\/#website\"},\"primaryImageOfPage\":{\"@id\":\"https:\/\/basquefik.com\/en\/talde-celebra-su-junta-anual-de-accionistas-y-aprueba-un-dividendo\/#primaryimage\"},\"image\":{\"@id\":\"https:\/\/basquefik.com\/en\/talde-celebra-su-junta-anual-de-accionistas-y-aprueba-un-dividendo\/#primaryimage\"},\"thumbnailUrl\":\"https:\/\/basquefik.com\/wp-content\/uploads\/2025\/07\/Talde-Junta-Anual-Accionistas.jpg\",\"datePublished\":\"2025-07-16T14:01:44+00:00\",\"dateModified\":\"2025-09-02T14:59:08+00:00\",\"description\":\"Talde logra un beneficio r\u00e9cord de 30,5 millones en 2024, reparte 2,5 \u20ac por acci\u00f3n y refuerza reservas, con una cartera diversificada en tecnolog\u00eda, salud y m\u00e1s sectores.\",\"breadcrumb\":{\"@id\":\"https:\/\/basquefik.com\/en\/talde-celebra-su-junta-anual-de-accionistas-y-aprueba-un-dividendo\/#breadcrumb\"},\"inLanguage\":\"en-US\",\"potentialAction\":[{\"@type\":\"ReadAction\",\"target\":[\"https:\/\/basquefik.com\/en\/talde-celebra-su-junta-anual-de-accionistas-y-aprueba-un-dividendo\/\"]}]},{\"@type\":\"ImageObject\",\"inLanguage\":\"en-US\",\"@id\":\"https:\/\/basquefik.com\/en\/talde-celebra-su-junta-anual-de-accionistas-y-aprueba-un-dividendo\/#primaryimage\",\"url\":\"https:\/\/basquefik.com\/wp-content\/uploads\/2025\/07\/Talde-Junta-Anual-Accionistas.jpg\",\"contentUrl\":\"https:\/\/basquefik.com\/wp-content\/uploads\/2025\/07\/Talde-Junta-Anual-Accionistas.jpg\",\"width\":680,\"height\":348,\"caption\":\"alde Junta Anual Accionistas\"},{\"@type\":\"BreadcrumbList\",\"@id\":\"https:\/\/basquefik.com\/en\/talde-celebra-su-junta-anual-de-accionistas-y-aprueba-un-dividendo\/#breadcrumb\",\"itemListElement\":[{\"@type\":\"ListItem\",\"position\":1,\"name\":\"Portada\",\"item\":\"https:\/\/basquefik.com\/en\/\"},{\"@type\":\"ListItem\",\"position\":2,\"name\":\"TALDE Holds Annual General Meeting and Approves Dividend\"}]},{\"@type\":\"WebSite\",\"@id\":\"https:\/\/basquefik.com\/en\/#website\",\"url\":\"https:\/\/basquefik.com\/en\/\",\"name\":\"BASQUEFIK\",\"description\":\"\",\"publisher\":{\"@id\":\"https:\/\/basquefik.com\/en\/#organization\"},\"potentialAction\":[{\"@type\":\"SearchAction\",\"target\":{\"@type\":\"EntryPoint\",\"urlTemplate\":\"https:\/\/basquefik.com\/en\/?s={search_term_string}\"},\"query-input\":{\"@type\":\"PropertyValueSpecification\",\"valueRequired\":true,\"valueName\":\"search_term_string\"}}],\"inLanguage\":\"en-US\"},{\"@type\":\"Organization\",\"@id\":\"https:\/\/basquefik.com\/en\/#organization\",\"name\":\"BASQUEFIK\",\"url\":\"https:\/\/basquefik.com\/en\/\",\"logo\":{\"@type\":\"ImageObject\",\"inLanguage\":\"en-US\",\"@id\":\"https:\/\/basquefik.com\/en\/#\/schema\/logo\/image\/\",\"url\":\"https:\/\/basquefik.com\/wp-content\/uploads\/2025\/05\/basquefik.png\",\"contentUrl\":\"https:\/\/basquefik.com\/wp-content\/uploads\/2025\/05\/basquefik.png\",\"width\":770,\"height\":500,\"caption\":\"BASQUEFIK\"},\"image\":{\"@id\":\"https:\/\/basquefik.com\/en\/#\/schema\/logo\/image\/\"},\"sameAs\":[\"https:\/\/es.linkedin.com\/company\/basquefik\"]},{\"@type\":\"Person\",\"@id\":\"https:\/\/basquefik.com\/en\/#\/schema\/person\/39416ecdbe7cfc1ab0a80ccf34d02640\",\"name\":\"basquefik\",\"image\":{\"@type\":\"ImageObject\",\"inLanguage\":\"en-US\",\"@id\":\"https:\/\/basquefik.com\/en\/#\/schema\/person\/image\/\",\"url\":\"https:\/\/secure.gravatar.com\/avatar\/a8a15decc600678f84a6f560a148e8eb8d53585ec24064d157f6b03f55528101?s=96&d=mm&r=g\",\"contentUrl\":\"https:\/\/secure.gravatar.com\/avatar\/a8a15decc600678f84a6f560a148e8eb8d53585ec24064d157f6b03f55528101?s=96&d=mm&r=g\",\"caption\":\"basquefik\"},\"url\":\"https:\/\/basquefik.com\/en\/author\/basquefik\/\"}]}<\/script>\n<!-- \/ Yoast SEO plugin. -->","yoast_head_json":{"title":"TALDE Holds Annual General Meeting and Approves Dividend - BASQUEFIK","description":"Talde logra un beneficio r\u00e9cord de 30,5 millones en 2024, reparte 2,5 \u20ac por acci\u00f3n y refuerza reservas, con una cartera diversificada en tecnolog\u00eda, salud y m\u00e1s sectores.","robots":{"index":"index","follow":"follow","max-snippet":"max-snippet:-1","max-image-preview":"max-image-preview:large","max-video-preview":"max-video-preview:-1"},"canonical":"https:\/\/basquefik.com\/en\/talde-celebra-su-junta-anual-de-accionistas-y-aprueba-un-dividendo\/","og_locale":"en_US","og_type":"article","og_title":"TALDE Holds Annual General Meeting and Approves Dividend - BASQUEFIK","og_description":"Talde logra un beneficio r\u00e9cord de 30,5 millones en 2024, reparte 2,5 \u20ac por acci\u00f3n y refuerza reservas, con una cartera diversificada en tecnolog\u00eda, salud y m\u00e1s sectores.","og_url":"https:\/\/basquefik.com\/en\/talde-celebra-su-junta-anual-de-accionistas-y-aprueba-un-dividendo\/","og_site_name":"BASQUEFIK","article_published_time":"2025-07-16T14:01:44+00:00","article_modified_time":"2025-09-02T14:59:08+00:00","og_image":[{"width":680,"height":348,"url":"https:\/\/basquefik.com\/wp-content\/uploads\/2025\/07\/Talde-Junta-Anual-Accionistas.jpg","type":"image\/jpeg"}],"author":"basquefik","twitter_card":"summary_large_image","twitter_misc":{"Written by":"basquefik","Est. reading time":"1 minute"},"schema":{"@context":"https:\/\/schema.org","@graph":[{"@type":"Article","@id":"https:\/\/basquefik.com\/en\/talde-celebra-su-junta-anual-de-accionistas-y-aprueba-un-dividendo\/#article","isPartOf":{"@id":"https:\/\/basquefik.com\/en\/talde-celebra-su-junta-anual-de-accionistas-y-aprueba-un-dividendo\/"},"author":{"name":"basquefik","@id":"https:\/\/basquefik.com\/en\/#\/schema\/person\/39416ecdbe7cfc1ab0a80ccf34d02640"},"headline":"TALDE Holds Annual General Meeting and Approves Dividend","datePublished":"2025-07-16T14:01:44+00:00","dateModified":"2025-09-02T14:59:08+00:00","mainEntityOfPage":{"@id":"https:\/\/basquefik.com\/en\/talde-celebra-su-junta-anual-de-accionistas-y-aprueba-un-dividendo\/"},"wordCount":76,"commentCount":0,"publisher":{"@id":"https:\/\/basquefik.com\/en\/#organization"},"image":{"@id":"https:\/\/basquefik.com\/en\/talde-celebra-su-junta-anual-de-accionistas-y-aprueba-un-dividendo\/#primaryimage"},"thumbnailUrl":"https:\/\/basquefik.com\/wp-content\/uploads\/2025\/07\/Talde-Junta-Anual-Accionistas.jpg","articleSection":["Industry News"],"inLanguage":"en-US","potentialAction":[{"@type":"CommentAction","name":"Comment","target":["https:\/\/basquefik.com\/en\/talde-celebra-su-junta-anual-de-accionistas-y-aprueba-un-dividendo\/#respond"]}]},{"@type":"WebPage","@id":"https:\/\/basquefik.com\/en\/talde-celebra-su-junta-anual-de-accionistas-y-aprueba-un-dividendo\/","url":"https:\/\/basquefik.com\/en\/talde-celebra-su-junta-anual-de-accionistas-y-aprueba-un-dividendo\/","name":"TALDE Holds Annual General Meeting and Approves Dividend - BASQUEFIK","isPartOf":{"@id":"https:\/\/basquefik.com\/en\/#website"},"primaryImageOfPage":{"@id":"https:\/\/basquefik.com\/en\/talde-celebra-su-junta-anual-de-accionistas-y-aprueba-un-dividendo\/#primaryimage"},"image":{"@id":"https:\/\/basquefik.com\/en\/talde-celebra-su-junta-anual-de-accionistas-y-aprueba-un-dividendo\/#primaryimage"},"thumbnailUrl":"https:\/\/basquefik.com\/wp-content\/uploads\/2025\/07\/Talde-Junta-Anual-Accionistas.jpg","datePublished":"2025-07-16T14:01:44+00:00","dateModified":"2025-09-02T14:59:08+00:00","description":"Talde logra un beneficio r\u00e9cord de 30,5 millones en 2024, reparte 2,5 \u20ac por acci\u00f3n y refuerza reservas, con una cartera diversificada en tecnolog\u00eda, salud y m\u00e1s sectores.","breadcrumb":{"@id":"https:\/\/basquefik.com\/en\/talde-celebra-su-junta-anual-de-accionistas-y-aprueba-un-dividendo\/#breadcrumb"},"inLanguage":"en-US","potentialAction":[{"@type":"ReadAction","target":["https:\/\/basquefik.com\/en\/talde-celebra-su-junta-anual-de-accionistas-y-aprueba-un-dividendo\/"]}]},{"@type":"ImageObject","inLanguage":"en-US","@id":"https:\/\/basquefik.com\/en\/talde-celebra-su-junta-anual-de-accionistas-y-aprueba-un-dividendo\/#primaryimage","url":"https:\/\/basquefik.com\/wp-content\/uploads\/2025\/07\/Talde-Junta-Anual-Accionistas.jpg","contentUrl":"https:\/\/basquefik.com\/wp-content\/uploads\/2025\/07\/Talde-Junta-Anual-Accionistas.jpg","width":680,"height":348,"caption":"alde Junta Anual Accionistas"},{"@type":"BreadcrumbList","@id":"https:\/\/basquefik.com\/en\/talde-celebra-su-junta-anual-de-accionistas-y-aprueba-un-dividendo\/#breadcrumb","itemListElement":[{"@type":"ListItem","position":1,"name":"Portada","item":"https:\/\/basquefik.com\/en\/"},{"@type":"ListItem","position":2,"name":"TALDE Holds Annual General Meeting and Approves Dividend"}]},{"@type":"WebSite","@id":"https:\/\/basquefik.com\/en\/#website","url":"https:\/\/basquefik.com\/en\/","name":"BASQUEFIK","description":"","publisher":{"@id":"https:\/\/basquefik.com\/en\/#organization"},"potentialAction":[{"@type":"SearchAction","target":{"@type":"EntryPoint","urlTemplate":"https:\/\/basquefik.com\/en\/?s={search_term_string}"},"query-input":{"@type":"PropertyValueSpecification","valueRequired":true,"valueName":"search_term_string"}}],"inLanguage":"en-US"},{"@type":"Organization","@id":"https:\/\/basquefik.com\/en\/#organization","name":"BASQUEFIK","url":"https:\/\/basquefik.com\/en\/","logo":{"@type":"ImageObject","inLanguage":"en-US","@id":"https:\/\/basquefik.com\/en\/#\/schema\/logo\/image\/","url":"https:\/\/basquefik.com\/wp-content\/uploads\/2025\/05\/basquefik.png","contentUrl":"https:\/\/basquefik.com\/wp-content\/uploads\/2025\/05\/basquefik.png","width":770,"height":500,"caption":"BASQUEFIK"},"image":{"@id":"https:\/\/basquefik.com\/en\/#\/schema\/logo\/image\/"},"sameAs":["https:\/\/es.linkedin.com\/company\/basquefik"]},{"@type":"Person","@id":"https:\/\/basquefik.com\/en\/#\/schema\/person\/39416ecdbe7cfc1ab0a80ccf34d02640","name":"basquefik","image":{"@type":"ImageObject","inLanguage":"en-US","@id":"https:\/\/basquefik.com\/en\/#\/schema\/person\/image\/","url":"https:\/\/secure.gravatar.com\/avatar\/a8a15decc600678f84a6f560a148e8eb8d53585ec24064d157f6b03f55528101?s=96&d=mm&r=g","contentUrl":"https:\/\/secure.gravatar.com\/avatar\/a8a15decc600678f84a6f560a148e8eb8d53585ec24064d157f6b03f55528101?s=96&d=mm&r=g","caption":"basquefik"},"url":"https:\/\/basquefik.com\/en\/author\/basquefik\/"}]}},"_links":{"self":[{"href":"https:\/\/basquefik.com\/en\/wp-json\/wp\/v2\/posts\/1362","targetHints":{"allow":["GET"]}}],"collection":[{"href":"https:\/\/basquefik.com\/en\/wp-json\/wp\/v2\/posts"}],"about":[{"href":"https:\/\/basquefik.com\/en\/wp-json\/wp\/v2\/types\/post"}],"author":[{"embeddable":true,"href":"https:\/\/basquefik.com\/en\/wp-json\/wp\/v2\/users\/3"}],"replies":[{"embeddable":true,"href":"https:\/\/basquefik.com\/en\/wp-json\/wp\/v2\/comments?post=1362"}],"version-history":[{"count":2,"href":"https:\/\/basquefik.com\/en\/wp-json\/wp\/v2\/posts\/1362\/revisions"}],"predecessor-version":[{"id":1506,"href":"https:\/\/basquefik.com\/en\/wp-json\/wp\/v2\/posts\/1362\/revisions\/1506"}],"wp:featuredmedia":[{"embeddable":true,"href":"https:\/\/basquefik.com\/en\/wp-json\/wp\/v2\/media\/1011"}],"wp:attachment":[{"href":"https:\/\/basquefik.com\/en\/wp-json\/wp\/v2\/media?parent=1362"}],"wp:term":[{"taxonomy":"category","embeddable":true,"href":"https:\/\/basquefik.com\/en\/wp-json\/wp\/v2\/categories?post=1362"},{"taxonomy":"post_tag","embeddable":true,"href":"https:\/\/basquefik.com\/en\/wp-json\/wp\/v2\/tags?post=1362"}],"curies":[{"name":"wp","href":"https:\/\/api.w.org\/{rel}","templated":true}]}}